{"id":326,"date":"2026-03-11T12:32:24","date_gmt":"2026-03-11T08:32:24","guid":{"rendered":"https:\/\/sardasup.com\/?p=326"},"modified":"2026-03-11T18:05:32","modified_gmt":"2026-03-11T14:05:32","slug":"mobilite-a-lile-maurice-les-etudiants-de-la-cpes-au-coeur-dun-projet-formateur","status":"publish","type":"post","link":"https:\/\/sardasup.com\/index.php\/2026\/03\/11\/mobilite-a-lile-maurice-les-etudiants-de-la-cpes-au-coeur-dun-projet-formateur\/","title":{"rendered":"Mobilit\u00e9 \u00e0 l\u2019\u00eele Maurice : les \u00e9tudiants de la CPES au c\u0153ur d\u2019un projet formateur."},"content":{"rendered":"\n<p>Dans le cadre de leur parcours en CPES \u00c9conomie-Gestion, dix \u00e9tudiants ont eu l\u2019opportunit\u00e9 de participer \u00e0 une mobilit\u00e9 p\u00e9dagogique et linguistique \u00e0 l\u2019\u00eele Maurice, organis\u00e9e <strong>du 17 au 25 f\u00e9vrier 2026<\/strong>, avec un h\u00e9bergement \u00e0 Curepipe. Ce d\u00e9placement s\u2019inscrit pleinement dans une d\u00e9marche d\u2019ouverture, d\u2019autonomie et de d\u00e9couverte, au croisement des apprentissages scolaires et de l\u2019exp\u00e9rience de terrain. &nbsp;<\/p>\n\n\n\n<figure class=\"wp-block-image size-full\"><img loading=\"lazy\" decoding=\"async\" width=\"300\" height=\"296\" src=\"https:\/\/sardasup.com\/wp-content\/uploads\/2026\/03\/LOGO-CPES-SARDASUP.jpg\" alt=\"\" class=\"wp-image-342\"\/><\/figure>\n\n\n\n<p>Au cours de ce s\u00e9jour, les \u00e9tudiants ont pu d\u00e9couvrir diff\u00e9rents aspects du territoire mauricien \u00e0 travers <strong>un programme m\u00ealant immersion professionnelle, d\u00e9couvertes culturelles et d\u00e9placements autonomes.<\/strong> Parmi les temps forts, une immersion dans le secteur de la grande distribution \u00e0 King Savers Hyper Ltd ainsi que la visite de la biscuiterie traditionnelle Biscuit Manioc Rault ont permis aux \u00e9tudiants d\u2019observer concr\u00e8tement des r\u00e9alit\u00e9s \u00e9conomiques locales et des mod\u00e8les d\u2019entreprises vari\u00e9s.<\/p>\n\n\n\n<p>L\u2019un des points forts de cette mobilit\u00e9 a \u00e9t\u00e9 la d\u00e9couverte de l\u2019\u00eele \u00e0 travers les transports en commun, notamment le m\u00e9tro, lors d\u2019une journ\u00e9e de d\u00e9placement entre Curepipe, Quatre Bornes, Rose Hill et Port-Louis. Cette exp\u00e9rience a permis aux \u00e9tudiants de d\u00e9velopper leur autonomie dans les d\u00e9placements, de mieux se rep\u00e9rer dans un environnement nouveau et de vivre une mobilit\u00e9 concr\u00e8te, active et responsabilisante. Au-del\u00e0 du simple trajet, ce mode de d\u00e9placement a particip\u00e9 pleinement \u00e0 l\u2019apprentissage de l\u2019ind\u00e9pendance et de l\u2019adaptation.<\/p>\n\n\n\n<figure class=\"wp-block-gallery has-nested-images columns-default is-cropped wp-block-gallery-1 is-layout-flex wp-block-gallery-is-layout-flex\">\n<figure class=\"wp-block-image size-large\"><img loading=\"lazy\" decoding=\"async\" width=\"768\" height=\"1024\" data-id=\"336\" src=\"https:\/\/sardasup.com\/wp-content\/uploads\/2026\/03\/METRO-1-768x1024.jpeg\" alt=\"\" class=\"wp-image-336\" srcset=\"https:\/\/sardasup.com\/wp-content\/uploads\/2026\/03\/METRO-1-768x1024.jpeg 768w, https:\/\/sardasup.com\/wp-content\/uploads\/2026\/03\/METRO-1-225x300.jpeg 225w, https:\/\/sardasup.com\/wp-content\/uploads\/2026\/03\/METRO-1-1152x1536.jpeg 1152w, https:\/\/sardasup.com\/wp-content\/uploads\/2026\/03\/METRO-1-1536x2048.jpeg 1536w, https:\/\/sardasup.com\/wp-content\/uploads\/2026\/03\/METRO-1-scaled.jpeg 1920w\" sizes=\"auto, (max-width: 768px) 100vw, 768px\" \/><\/figure>\n\n\n\n<figure class=\"wp-block-image size-large\"><img loading=\"lazy\" decoding=\"async\" width=\"1024\" height=\"768\" data-id=\"337\" src=\"https:\/\/sardasup.com\/wp-content\/uploads\/2026\/03\/METRO-2-1024x768.jpeg\" alt=\"\" class=\"wp-image-337\" srcset=\"https:\/\/sardasup.com\/wp-content\/uploads\/2026\/03\/METRO-2-1024x768.jpeg 1024w, https:\/\/sardasup.com\/wp-content\/uploads\/2026\/03\/METRO-2-300x225.jpeg 300w, https:\/\/sardasup.com\/wp-content\/uploads\/2026\/03\/METRO-2-768x576.jpeg 768w, https:\/\/sardasup.com\/wp-content\/uploads\/2026\/03\/METRO-2-1536x1152.jpeg 1536w, https:\/\/sardasup.com\/wp-content\/uploads\/2026\/03\/METRO-2-2048x1536.jpeg 2048w\" sizes=\"auto, (max-width: 1024px) 100vw, 1024px\" \/><\/figure>\n\n\n\n<figure class=\"wp-block-image size-large\"><img loading=\"lazy\" decoding=\"async\" width=\"1024\" height=\"768\" data-id=\"338\" src=\"https:\/\/sardasup.com\/wp-content\/uploads\/2026\/03\/METRO-3-1024x768.jpeg\" alt=\"\" class=\"wp-image-338\" srcset=\"https:\/\/sardasup.com\/wp-content\/uploads\/2026\/03\/METRO-3-1024x768.jpeg 1024w, https:\/\/sardasup.com\/wp-content\/uploads\/2026\/03\/METRO-3-300x225.jpeg 300w, https:\/\/sardasup.com\/wp-content\/uploads\/2026\/03\/METRO-3-768x576.jpeg 768w, https:\/\/sardasup.com\/wp-content\/uploads\/2026\/03\/METRO-3-1536x1152.jpeg 1536w, https:\/\/sardasup.com\/wp-content\/uploads\/2026\/03\/METRO-3-2048x1536.jpeg 2048w\" sizes=\"auto, (max-width: 1024px) 100vw, 1024px\" \/><\/figure>\n\n\n\n<figure class=\"wp-block-image size-large\"><img loading=\"lazy\" decoding=\"async\" width=\"1024\" height=\"768\" data-id=\"339\" src=\"https:\/\/sardasup.com\/wp-content\/uploads\/2026\/03\/PORTLOUIS-1-1024x768.jpeg\" alt=\"\" class=\"wp-image-339\" srcset=\"https:\/\/sardasup.com\/wp-content\/uploads\/2026\/03\/PORTLOUIS-1-1024x768.jpeg 1024w, https:\/\/sardasup.com\/wp-content\/uploads\/2026\/03\/PORTLOUIS-1-300x225.jpeg 300w, https:\/\/sardasup.com\/wp-content\/uploads\/2026\/03\/PORTLOUIS-1-768x576.jpeg 768w, https:\/\/sardasup.com\/wp-content\/uploads\/2026\/03\/PORTLOUIS-1-1536x1152.jpeg 1536w, https:\/\/sardasup.com\/wp-content\/uploads\/2026\/03\/PORTLOUIS-1-2048x1536.jpeg 2048w\" sizes=\"auto, (max-width: 1024px) 100vw, 1024px\" \/><\/figure>\n\n\n\n<figure class=\"wp-block-image size-large\"><img loading=\"lazy\" decoding=\"async\" width=\"1024\" height=\"768\" data-id=\"340\" src=\"https:\/\/sardasup.com\/wp-content\/uploads\/2026\/03\/PORTLOUIS-2-1024x768.jpeg\" alt=\"\" class=\"wp-image-340\" srcset=\"https:\/\/sardasup.com\/wp-content\/uploads\/2026\/03\/PORTLOUIS-2-1024x768.jpeg 1024w, https:\/\/sardasup.com\/wp-content\/uploads\/2026\/03\/PORTLOUIS-2-300x225.jpeg 300w, https:\/\/sardasup.com\/wp-content\/uploads\/2026\/03\/PORTLOUIS-2-768x576.jpeg 768w, https:\/\/sardasup.com\/wp-content\/uploads\/2026\/03\/PORTLOUIS-2-1536x1152.jpeg 1536w, https:\/\/sardasup.com\/wp-content\/uploads\/2026\/03\/PORTLOUIS-2-2048x1536.jpeg 2048w\" sizes=\"auto, (max-width: 1024px) 100vw, 1024px\" \/><\/figure>\n<\/figure>\n\n\n\n<p>Ce projet n\u2019est pas seulement le r\u00e9sultat d\u2019une organisation logistique : il est aussi l\u2019aboutissement d\u2019un important travail de pr\u00e9paration en amont. Les \u00e9tudiants ont d\u00fb s\u2019investir dans une recherche de fond afin de contribuer au financement du d\u00e9placement, ce qui a donn\u00e9 \u00e0 cette mobilit\u00e9 une dimension encore plus formatrice. Cette pr\u00e9paration a demand\u00e9 de l\u2019engagement, de la pers\u00e9v\u00e9rance et un v\u00e9ritable esprit de projet. Elle a permis aux \u00e9tudiants de mesurer que ce type d\u2019exp\u00e9rience se construit collectivement, avec s\u00e9rieux et implication.<\/p>\n\n\n\n<p>Le s\u00e9jour a \u00e9galement \u00e9t\u00e9 rythm\u00e9 par plusieurs d\u00e9couvertes culturelles et patrimoniales, comme la visite de Port-Louis, de l\u2019Aapravasi Ghat, du circuit de la Route du th\u00e9, ou encore de sites tourn\u00e9s vers l\u2019art et la d\u00e9couverte sensorielle comme Curious Corner \u00e0 Chamarel. L\u2019ensemble du programme a \u00e9t\u00e9 pens\u00e9 pour enrichir les connaissances des \u00e9tudiants, nourrir leur curiosit\u00e9 et renforcer leur ouverture sur un environnement proche g\u00e9ographiquement, mais riche de nouvelles r\u00e9f\u00e9rences culturelles et \u00e9conomiques.<\/p>\n\n\n\n<div id=\"wp-block-themeisle-blocks-slider-3d800ad9\" class=\"wp-block-themeisle-blocks-slider glide\" data-per-view=\"1\" data-gap=\"0\" data-peek=\"0\" data-autoplay=\"true\" data-height=\"400px\" data-hide-arrows=\"false\"><div class=\"glide__track\" data-glide-el=\"track\"><div class=\"glide__slides\"><div class=\"wp-block-themeisle-blocks-slider-item-wrapper glide__slide\" tabindex=\"0\"><figure><img decoding=\"async\" class=\"wp-block-themeisle-blocks-slider-item\" src=\"https:\/\/sardasup.com\/wp-content\/uploads\/2026\/03\/GALERIE-5-scaled.jpeg\" alt=\"\" title=\"\" data-id=\"334\"\/><\/figure><\/div><div class=\"wp-block-themeisle-blocks-slider-item-wrapper glide__slide\" tabindex=\"0\"><figure><img decoding=\"async\" class=\"wp-block-themeisle-blocks-slider-item\" src=\"https:\/\/sardasup.com\/wp-content\/uploads\/2026\/03\/GALERIE-4-scaled.jpeg\" alt=\"\" title=\"\" data-id=\"333\"\/><\/figure><\/div><div class=\"wp-block-themeisle-blocks-slider-item-wrapper glide__slide\" tabindex=\"0\"><figure><img decoding=\"async\" class=\"wp-block-themeisle-blocks-slider-item\" src=\"https:\/\/sardasup.com\/wp-content\/uploads\/2026\/03\/GALERIE-3-scaled.jpeg\" alt=\"\" title=\"\" data-id=\"332\"\/><\/figure><\/div><div class=\"wp-block-themeisle-blocks-slider-item-wrapper glide__slide\" tabindex=\"0\"><figure><img decoding=\"async\" class=\"wp-block-themeisle-blocks-slider-item\" src=\"https:\/\/sardasup.com\/wp-content\/uploads\/2026\/03\/GALERIE-2-scaled.jpeg\" alt=\"\" title=\"\" data-id=\"331\"\/><\/figure><\/div><div class=\"wp-block-themeisle-blocks-slider-item-wrapper glide__slide\" tabindex=\"0\"><figure><img decoding=\"async\" class=\"wp-block-themeisle-blocks-slider-item\" src=\"https:\/\/sardasup.com\/wp-content\/uploads\/2026\/03\/GALERIE-1-scaled.jpeg\" alt=\"\" title=\"\" data-id=\"330\"\/><\/figure><\/div><\/div><div class=\"glide__bullets\" data-glide-el=\"controls[nav]\"><button class=\"glide__bullet\" data-glide-dir=\"=0\"><\/button><button class=\"glide__bullet\" data-glide-dir=\"=1\"><\/button><button class=\"glide__bullet\" data-glide-dir=\"=2\"><\/button><button class=\"glide__bullet\" data-glide-dir=\"=3\"><\/button><button class=\"glide__bullet\" data-glide-dir=\"=4\"><\/button><\/div><\/div><\/div>\n\n\n\n<p>Cette mobilit\u00e9 a ainsi constitu\u00e9 une exp\u00e9rience compl\u00e8te, \u00e0 la fois humaine, p\u00e9dagogique et personnelle. Elle a permis aux \u00e9tudiants de gagner en assurance, de vivre des situations concr\u00e8tes hors du cadre habituel et de d\u00e9velopper des comp\u00e9tences utiles pour la suite de leur parcours.<\/p>\n\n\n\n<p>Nous adressons nos remerciements sinc\u00e8res aux enseignants ayant contribu\u00e9 \u00e0 la pr\u00e9paration et au suivi de ce projet, ainsi qu\u2019\u00e0 l\u2019\u00e9quipe de direction pour son accompagnement attentif et son soutien tout au long de cette d\u00e9marche. Leur implication a permis \u00e0 cette mobilit\u00e9 de se d\u00e9rouler dans de bonnes conditions et d\u2019offrir aux \u00e9tudiants une exp\u00e9rience riche et structurante.<\/p>\n\n\n\n<figure class=\"wp-block-image size-large\"><img loading=\"lazy\" decoding=\"async\" width=\"1024\" height=\"768\" src=\"https:\/\/sardasup.com\/wp-content\/uploads\/2026\/03\/CASELA-1-1024x768.jpeg\" alt=\"\" class=\"wp-image-329\" srcset=\"https:\/\/sardasup.com\/wp-content\/uploads\/2026\/03\/CASELA-1-1024x768.jpeg 1024w, https:\/\/sardasup.com\/wp-content\/uploads\/2026\/03\/CASELA-1-300x225.jpeg 300w, https:\/\/sardasup.com\/wp-content\/uploads\/2026\/03\/CASELA-1-768x576.jpeg 768w, https:\/\/sardasup.com\/wp-content\/uploads\/2026\/03\/CASELA-1-1536x1152.jpeg 1536w, https:\/\/sardasup.com\/wp-content\/uploads\/2026\/03\/CASELA-1-2048x1536.jpeg 2048w\" sizes=\"auto, (max-width: 1024px) 100vw, 1024px\" \/><\/figure>\n\n\n\n<p>\u00c0 travers cette mobilit\u00e9 \u00e0 l\u2019\u00eele Maurice, la CPES confirme l\u2019importance de proposer aux \u00e9tudiants des projets concrets, exigeants et ouverts sur leur environnement r\u00e9gional. Une belle exp\u00e9rience collective, porteuse d\u2019apprentissages durables.<\/p>\n","protected":false},"excerpt":{"rendered":"<p>Dans le cadre de leur parcours en CPES \u00c9conomie-Gestion, dix \u00e9tudiants ont eu l\u2019opportunit\u00e9 de participer \u00e0 une mobilit\u00e9 p\u00e9dagogique et linguistique \u00e0 l\u2019\u00eele Maurice, organis\u00e9e du 17 au 25 f\u00e9vrier 2026, avec un h\u00e9bergement \u00e0 Curepipe. Ce d\u00e9placement s\u2019inscrit pleinement dans une d\u00e9marche d\u2019ouverture, d\u2019autonomie et de d\u00e9couverte, au croisement des apprentissages scolaires et&hellip;<\/p>\n","protected":false},"author":1,"featured_media":328,"comment_status":"closed","ping_status":"open","sticky":false,"template":"","format":"standard","meta":{"_themeisle_gutenberg_block_has_review":false,"footnotes":""},"categories":[8],"tags":[9],"class_list":["post-326","post","type-post","status-publish","format-standard","has-post-thumbnail","hentry","category-vie-etudiante","tag-cpes"],"_links":{"self":[{"href":"https:\/\/sardasup.com\/index.php\/wp-json\/wp\/v2\/posts\/326","targetHints":{"allow":["GET"]}}],"collection":[{"href":"https:\/\/sardasup.com\/index.php\/wp-json\/wp\/v2\/posts"}],"about":[{"href":"https:\/\/sardasup.com\/index.php\/wp-json\/wp\/v2\/types\/post"}],"author":[{"embeddable":true,"href":"https:\/\/sardasup.com\/index.php\/wp-json\/wp\/v2\/users\/1"}],"replies":[{"embeddable":true,"href":"https:\/\/sardasup.com\/index.php\/wp-json\/wp\/v2\/comments?post=326"}],"version-history":[{"count":3,"href":"https:\/\/sardasup.com\/index.php\/wp-json\/wp\/v2\/posts\/326\/revisions"}],"predecessor-version":[{"id":346,"href":"https:\/\/sardasup.com\/index.php\/wp-json\/wp\/v2\/posts\/326\/revisions\/346"}],"wp:featuredmedia":[{"embeddable":true,"href":"https:\/\/sardasup.com\/index.php\/wp-json\/wp\/v2\/media\/328"}],"wp:attachment":[{"href":"https:\/\/sardasup.com\/index.php\/wp-json\/wp\/v2\/media?parent=326"}],"wp:term":[{"taxonomy":"category","embeddable":true,"href":"https:\/\/sardasup.com\/index.php\/wp-json\/wp\/v2\/categories?post=326"},{"taxonomy":"post_tag","embeddable":true,"href":"https:\/\/sardasup.com\/index.php\/wp-json\/wp\/v2\/tags?post=326"}],"curies":[{"name":"wp","href":"https:\/\/api.w.org\/{rel}","templated":true}]}}